{"id":5221,"date":"2015-08-07T13:30:43","date_gmt":"2015-08-07T11:30:43","guid":{"rendered":"http:\/\/www.wmtools.com\/news\/?p=5221"},"modified":"2015-08-07T13:56:20","modified_gmt":"2015-08-07T11:56:20","slug":"come-hai-usato-le-conoscenze-acquisite-durante-il-corso-nazionale-di-web-marketing-operativo","status":"publish","type":"post","link":"https:\/\/www.wmtools.com\/news\/web-marketing\/come-hai-usato-le-conoscenze-acquisite-durante-il-corso-nazionale-di-web-marketing-operativo","title":{"rendered":"[Testimonial] Come hai usato nel tuo lavoro le conoscenze acquisite durante il Corso Madri?"},"content":{"rendered":"<div class=\"mp-row-fluid motopress-row mpce-dsbl-margin-left mpce-dsbl-margin-right\">\n<div class=\"mp-span12 motopress-clmn  mpce-dsbl-margin-left mpce-dsbl-margin-right\">\n<div class=\"mp-row-fluid motopress-row mpce-dsbl-margin-left mpce-dsbl-margin-right\">\n<div class=\"mp-span12 motopress-clmn mpce-dsbl-margin-left mpce-dsbl-margin-right\">\n<div class=\"motopress-text-obj\">\n<h2 style=\"text-align: center;\">A pochi mesi dalla nuova edizione del Corso Nazionale di Web Marketing Operativo che si terr\u00e0 quest&#8217;autunno, abbiamo sentito alcuni dei nostri ex corsisti che ci hanno dato un feedback &#8220;a freddo&#8221; sul corso e ci hanno raccontato in che modo, una volta tornati a casa, hanno applicato le conoscenze acquisite.<\/h2>\n<\/div>\n<\/div>\n<\/div>\n<div class=\"mp-row-fluid motopress-row mpce-dsbl-margin-left mpce-dsbl-margin-right\">\n<div class=\"mp-span12 motopress-clmn mpce-dsbl-margin-left mpce-dsbl-margin-right\">\n<div class=\"motopress-text-obj\">\n<h2><\/h2>\n<h2><span style=\"font-size: 18px; color: #ff6600;\">Elios Li Greci|CEO at <a href=\"http:\/\/www.realconsulting.it\/index.php\" target=\"_blank\">www.realconsulting.it<\/a><\/span><\/h2>\n<\/div>\n<\/div>\n<\/div>\n<\/div>\n<\/div>\n<div class=\"mp-row-fluid motopress-row mpce-dsbl-margin-left mpce-dsbl-margin-right\">\n<div class=\"mp-span6 motopress-clmn  mpce-dsbl-margin-left mpce-dsbl-margin-right\">\n<div class=\"motopress-image-obj motopress-text-align-left\"><img decoding=\"async\" src=\"https:\/\/www.wmtools.com\/news\/wp-content\/uploads\/2015\/08\/Elios-Li-Greci-ex-corsista-Madri.jpg\" title=\"Elios-Li-Greci-ex-corsista-Madri\" alt=\"Testimonianza elios li greci ex corsista Madri Marketing\" class=\"motopress-image-obj-basic mpce-dsbl-margin-left mpce-dsbl-margin-right mpce-dsbl-margin-top mpce-dsbl-margin-bottom\" \/><\/div>\n<\/div>\n<div class=\"mp-span6 motopress-clmn  mpce-dsbl-margin-left mpce-dsbl-margin-right\">\n<div class=\"motopress-text-obj\">\n<p style=\"margin-bottom: 0cm;\"><em style=\"font-family: 'Open Sans', serif; font-size: 14px; font-variant: normal; line-height: 22.3999996185303px;\"><strong>&gt;&gt; Elios cosa pensi della tua esperienza in aula con Madri e come hai usato le conoscenze acquisite una volta tornato a casa?<\/strong><\/em><\/p>\n<p style=\"margin-bottom: 0cm;\"><span style=\"line-height: inherit;\">Mi chiamo Elios Li Greci e sono ceo di Real Consulting, agenzia per il lavoro che oltre a ad occuparsi di ricerca e selezione per alti profili, sviluppa progetti di Temporary Management per grandi clienti con riguardo particolare alla costruzione di reti vendita.<\/span><\/p>\n<p style=\"margin-bottom: 0cm;\">Ho conosciuto Madri Internet Marketing grazie ad un\u2019amica, Francesca Verde, seo manager del gruppo Optima Italia spa e sono rimasto immediatamente colpito dal <strong>taglio estremamente pratico del corso nazionale di Web Marketing Operativo<\/strong>.<\/p>\n<\/div>\n<\/div>\n<\/div>\n<div class=\"mp-row-fluid motopress-row mpce-dsbl-margin-left mpce-dsbl-margin-right\">\n<div class=\"mp-span12 motopress-clmn  mpce-dsbl-margin-left mpce-dsbl-margin-right\">\n<div class=\"motopress-text-obj\">\n<p style=\"margin-bottom: 0cm;\">l corso ti colpisce subito per la cura dei particolari, l\u2019organizzazione e la scelta della location, ed il livello della docenza \u00e8 di gran lunga superiore.\u00a0Luca Catania e Francesco Tinti hanno la capacit\u00e0 di trasformarti letteralmente in un conoscitore di tutte le dinamiche del web:<em> dall\u2019analisi dei contenuti alle logiche di indicizzazione<\/em>, <em>dalle strategie di posizionamento agli strumenti di controllo e misurazione degli investimenti<\/em>, infine la capacit\u00e0 di <strong>collegare persone e realt\u00e0 lavorative distinte nella stessa aula dove ognuno ha la possibilit\u00e0 di proporsi<\/strong> e proporre spontaneamente la propria azienda \u00e8 stato un plus di grande spessore.<\/p>\n<p style=\"margin-bottom: 0cm;\">Al termine del corso ne ho tratto subito vantaggio al punto da<em> riuscire a fare un\u2019analisi accurata di un portale di enogastronomia di un importante gruppo editoriale<\/em> e proporre<em> soluzioni per aumentare il traffico e le conversioni<\/em>, inoltre ho siglato un accordo con Titanka spa grazie al quale svilupperemo azioni sinergiche per diffondere la cultura del web marketing e del BE WIZARD, noto evento internazionale.<\/p>\n<p style=\"margin-bottom: 0cm;\">Ho avuto il privilegio di accostare il mio nome a quello della dott.ssa Battistoni, gi\u00e0 DG del Ministero del Lavoro e delle PS, scrivendo il capitolo di un quaderno di pedagogia del lavoro, ed. Pensa, sulle opportunit\u00e0 che nascono dalla crisi e sono convinto che il vero disagio occupazionale derivi dalla mancanza di consapevolezza che la formazione e l\u2019aggiornamento delle competenze rappresentano il vero plus per un mercato del lavoro che si evolve e crea nuove figure professionali soprattutto nell\u2019area della digitalizzazione: seo e sem, web content editor, social media, blogger, digital marketing sono solo alcune delle figure pi\u00f9 richieste dal mercato del lavoro.<\/p>\n<p style=\"margin-bottom: 0cm;\"><span style=\"color: #000000;\"><em style=\"font-family: 'Open Sans', serif; font-size: 14px; font-variant: normal; line-height: 14px; color: #008080;\">(Elios ha frequentato il corso Madri nella sede di Roma a giugno 2015)<\/em><\/span><\/p>\n<p style=\"margin-bottom: 0cm;\"><span style=\"color: #000000;\">____________________________________________________________________________________________________<\/span><\/p>\n<\/div>\n<\/div>\n<\/div>\n<div class=\"mp-row-fluid motopress-row mpce-dsbl-margin-left mpce-dsbl-margin-right\">\n<div class=\"mp-span12 motopress-clmn  mpce-dsbl-margin-left mpce-dsbl-margin-right\">\n<div class=\"motopress-text-obj\">\n<h2 style=\"text-align: left;\"><span style=\"font-size: 18px; color: #ff6600;\">Valeria Pindilli|Consulente Web Marketing|<a href=\"http:\/\/essenzialebusiness.com\/\" target=\"_blank\">www.essenzialebusiness.com<\/a><\/span><\/h2>\n<\/div>\n<\/div>\n<\/div>\n<div class=\"mp-row-fluid motopress-row mpce-dsbl-margin-left mpce-dsbl-margin-right\">\n<div class=\"mp-span12 motopress-clmn  mpce-dsbl-margin-left mpce-dsbl-margin-right\">\n<div class=\"mp-row-fluid motopress-row mpce-dsbl-margin-left mpce-dsbl-margin-right\">\n<div class=\"mp-span6 motopress-clmn mpce-dsbl-margin-left mpce-dsbl-margin-right\">\n<div class=\"motopress-image-obj motopress-text-align-left\"><img decoding=\"async\" src=\"https:\/\/www.wmtools.com\/news\/wp-content\/uploads\/2015\/08\/Valeria-Pindilli-ex-corsista-Madri.jpg\" title=\"Valeria Pindilli ex corsista Madri\" alt=\"testimonianza di Valeria ex corsista Madri Marketing\" class=\"motopress-image-obj-basic mpce-dsbl-margin-left mpce-dsbl-margin-right mpce-dsbl-margin-top mpce-dsbl-margin-bottom\" \/><\/div>\n<\/div>\n<div class=\"mp-span6 motopress-clmn mpce-dsbl-margin-left mpce-dsbl-margin-right\">\n<div class=\"motopress-text-obj\">\n<p><em style=\"font-family: 'Open Sans', serif; font-size: 14px; font-variant: normal; line-height: 22.3999996185303px;\"><strong>&gt;&gt; Valeria cosa pensi della tua esperienza in aula con Madri e come hai usato le conoscenze acquisite una volta tornata a casa?<\/strong><\/em><\/p>\n<p class=\"MsoNormal\">Lavoro come consulente web marketing e business planning. Ho scelto di frequentare il corso Madri perch\u00e9 interessata ad approfondire i temi del web marketing a 360 gradi, imparando da chi ha gi\u00e0 un\u2019esperienza provata sul campo. Inoltre,\u00a0Madri \u00e8 l\u2019unica azienda a rilasciare un attestato valido di frequentazione del corso e di <em>qualifica professionale da \u201cweb marketing specialist\u201d<\/em> (nessuna delle aziende concorrenti pu\u00f2 vantare altrettanto).<\/p>\n<p class=\"MsoNormal\">Frequentare il corso mi ha aiutata a chiarire alcuni dubbi ed approfondire le mie conoscenze in materia.<\/p>\n<\/div>\n<\/div>\n<\/div>\n<\/div>\n<\/div>\n<div class=\"mp-row-fluid motopress-row mpce-dsbl-margin-left mpce-dsbl-margin-right\">\n<div class=\"mp-span12 motopress-clmn  mpce-dsbl-margin-left mpce-dsbl-margin-right\">\n<div class=\"motopress-text-obj\">\n<p class=\"MsoNormal\">Ho trovato di particolare interesse le <strong>tecniche di misurazione\/valutazione delle campagne promozionali<\/strong> (per diverso tempo prima di iscrivermi avevo cercato informazioni al riguardo, senza cavarne un ragno dal buco). Molto stimolanti anche<strong> le esercitazioni in aula su SEO e Copy<\/strong> ed il rapporto instaurato con gli insegnanti.<\/p>\n<p class=\"MsoNormal\">Nel complesso il corso mantiene le promesse fatte al momento dell\u2019iscrizione: <em>offre una panoramica completa a dettagliata del web marketing<\/em>, fornendo strumenti operativi per l\u2019applicazione pratica delle nozioni apprese. Provenendo da un background incentrato sul marketing strategico pi\u00f9 che operativo ho trovato molto utile frequentare il corso. Forse mi sarebbe piaciuto imparare anche nozioni un po\u2019 pi\u00f9 tecniche di programmazione ma immagino di non potermi affatto lamentare nel complesso.<\/p>\n<p class=\"MsoNormal\"><strong>L\u2019acquisizione della certificazione mi \u00e8 stata immediatamente molto utile:<\/strong> a meno di un mese dalla fine del corso ho avuto delle proposte di lavoro spontanee da parte di aziende, il mio numero di clienti da consulente \u00e8 aumentato insieme alla mia credibilit\u00e0 come professionista ed ho avuto l\u2019occasione di applicare le nozioni apprese sia durante le consulenze che offro (principalmente SEO e content management \u2013 e-mail marketing) sia per portare avanti dei progetti che ho ideato e che seguo in prima persona.<\/p>\n<p class=\"MsoNormal\"><span style=\"color: #008080;\"><em>(Valeria ha frequentato il corso Madri nella sede di Bologna a giugno 2015)<\/em><\/span><\/p>\n<p class=\"MsoNormal\"><span style=\"color: #000000;\"><em>_______________________________________________________________________________________________________________<\/em><\/span><\/p>\n<\/div>\n<\/div>\n<\/div>\n<div class=\"mp-row-fluid motopress-row mpce-dsbl-margin-left mpce-dsbl-margin-right\">\n<div class=\"mp-span12 motopress-clmn  mpce-dsbl-margin-left mpce-dsbl-margin-right\">\n<div class=\"motopress-text-obj\">\n<h2><\/h2>\n<h2><span style=\"font-size: 18px;\"><span style=\"color: #ff6600;\">Milena Cal\u00ec|Marketing Specialist &amp; Coordinator|<\/span><a href=\"http:\/\/lezagareweb.it\/\" target=\"_blank\">www.lezagareweb.it\/\u00a0<\/a><\/span><\/h2>\n<\/div>\n<\/div>\n<\/div>\n<div class=\"mp-row-fluid motopress-row mpce-dsbl-margin-left mpce-dsbl-margin-right\">\n<div class=\"mp-span6 motopress-clmn  mpce-dsbl-margin-left mpce-dsbl-margin-right\">\n<div class=\"motopress-image-obj motopress-text-align-left\"><img decoding=\"async\" src=\"https:\/\/www.wmtools.com\/news\/wp-content\/uploads\/2015\/08\/Milena-Cal\u00ec-Corsista-Madri.jpg\" title=\"Milena Cal\u00ec - Corsista Madri\" alt=\"testimonianza milena ex corsista Madri Marketing\" class=\"motopress-image-obj-basic mpce-dsbl-margin-left mpce-dsbl-margin-right mpce-dsbl-margin-top mpce-dsbl-margin-bottom\" \/><\/div>\n<\/div>\n<div class=\"mp-span6 motopress-clmn  mpce-dsbl-margin-left mpce-dsbl-margin-right\">\n<div class=\"motopress-text-obj\">\n<p><em><strong>&gt;&gt; Milena cosa pensi della tua esperienza in aula con Madri e come hai usato le conoscenze acquisite una volta tornata a casa?<\/strong><\/em><\/p>\n<p>Da tempo cercavo<strong> un corso &#8220;specialistico&#8221;<\/strong> per approfondire tutte le tematiche della sfera del web marketing. In quest&#8217;ambito<em> la mia professionalit\u00e0 infatti nasceva da autodidatta<\/em> ed avevo interesse e voglia a frequentare un corso per approfondire le tematiche.<\/p>\n<p>Ho scelto il corso Madri perch\u00e8 dai contenuti sembrava il pi\u00f9 interessante e specialistico. In aula ho apprezzato molto la professionalit\u00e0 e la competenza dei docenti, sempre pronti a rispondere alle mie domande.<\/p>\n<p>&nbsp;<\/p>\n<\/div>\n<\/div>\n<\/div>\n<div class=\"mp-row-fluid motopress-row mpce-dsbl-margin-left mpce-dsbl-margin-right\">\n<div class=\"mp-span12 motopress-clmn  mpce-dsbl-margin-left mpce-dsbl-margin-right\">\n<div class=\"motopress-text-obj\">\n<div>\n<div>Mi \u00e8 piaciuto molto<strong> l&#8217;aspetto pratico del corso<\/strong> che ci vedeva impegnati a svolgere esercitazioni sugli argomenti trattati.\u00a0Una volta concluso il corso, ho affrontato <strong>l&#8217;esame di certificazione<\/strong>, superandolo.<\/div>\n<\/div>\n<p><strong>Le conoscenze acquisite durante il corso sono state immediatamente applicate<\/strong>. Gestisco pi\u00f9 siti web, effettuo l&#8217;<em>attivit\u00e0 di gestione SEO<\/em>, gestisco la pagina Facebook di alcune aziende commerciali, effettuo <em>campagne Google<\/em> e faccio<em> direct marketing tramite newsletter<\/em>.<\/p>\n<p><span style=\"color: #008080;\"><em>(Milena ha frequentato il corso Madri nella sede di Taormina a maggio 2015)<\/em><\/span><\/p>\n<p><span style=\"color: #000000;\"><em>_______________________________________________________________________________________________________________<\/em><\/span><\/p>\n<\/div>\n<\/div>\n<\/div>\n<div class=\"mp-row-fluid motopress-row mpce-dsbl-margin-left mpce-dsbl-margin-right\">\n<div class=\"mp-span12 motopress-clmn  mpce-dsbl-margin-left mpce-dsbl-margin-right\">\n<div class=\"motopress-text-obj\">\n<h2><\/h2>\n<h2><span style=\"color: #ff6600; font-size: 18px;\">Mirko Vaccaro | Specialista Affiliate Marketing|<a href=\"http:\/\/www.mirkovaccaro.com\/\" target=\"_blank\">www.mirkovaccaro.com<\/a><\/span><\/h2>\n<\/div>\n<\/div>\n<\/div>\n<div class=\"mp-row-fluid motopress-row mpce-dsbl-margin-left mpce-dsbl-margin-right\">\n<div class=\"mp-span12 motopress-clmn  mpce-dsbl-margin-left mpce-dsbl-margin-right\">\n<div class=\"mp-row-fluid motopress-row mpce-dsbl-margin-left mpce-dsbl-margin-right\">\n<div class=\"mp-span6 motopress-clmn mpce-dsbl-margin-left mpce-dsbl-margin-right\">\n<div class=\"motopress-image-obj motopress-text-align-left\"><img decoding=\"async\" src=\"https:\/\/www.wmtools.com\/news\/wp-content\/uploads\/2015\/08\/Mirko-Vaccaro-ex-corsista-Madri1.jpg\" title=\"Mirko Vaccaro ex corsista Madri\" alt=\"Mirko Vaccaro ex corsista Madri\" class=\"motopress-image-obj-basic mpce-dsbl-margin-left mpce-dsbl-margin-right mpce-dsbl-margin-top mpce-dsbl-margin-bottom\" \/><\/div>\n<\/div>\n<div class=\"mp-span6 motopress-clmn mpce-dsbl-margin-left mpce-dsbl-margin-right\">\n<div class=\"motopress-text-obj\">\n<p><em style=\"font-family: 'Open Sans', serif; font-size: 14px; font-variant: normal; line-height: 22.3999996185303px;\"><strong>&gt;&gt; Mirko cosa pensi della tua esperienza in aula con Madri e come hai usato le conoscenze acquisite una volta tornato a casa?<\/strong><\/em><\/p>\n<p>Sono Web Marketing Specialist specializzato in Affiliate Marketing.\u00a0Ero alla ricerca di<em> un corso che certificasse le mie conoscenze e competenze acquisite negli anni<\/em> ed ho trovato in Madri il corso adatto a me.<\/p>\n<p>In aula ho appreso <strong>le linee guida per operare correttamente in tutti i canali di web marketing<\/strong> presenti oggi (dai social, all&#8217;email passando per le campagne advertising, etc. ).<\/p>\n<p>Trovo il Corso Nazionale di Web Marketing Operativo di Madri ben fatto e lo ritengo adatto a 2 tipologie di persone:<\/p>\n<\/div>\n<\/div>\n<\/div>\n<\/div>\n<\/div>\n<div class=\"mp-row-fluid motopress-row mpce-dsbl-margin-left mpce-dsbl-margin-right\">\n<div class=\"mp-span12 motopress-clmn  mpce-dsbl-margin-left mpce-dsbl-margin-right\">\n<div class=\"motopress-text-obj\">\n<p><span style=\"color: #000000;\"><strong>1) <\/strong>Chi sa poco di web marketing e vuole acquisire le informazioni giuste per cominciare questa professione<\/span> tralasciando tutto il superfluo che porta solo perdite di tempo;<\/p>\n<p><span style=\"color: #000000;\"><strong>2)<\/strong> Chi, come me, \u00e8 gi\u00e0 un po&#8217; pi\u00f9 &#8220;esperto&#8221; e dopo anni ha bisogno di una quadratura del cerchio <\/span>per capire quali cose funzionano meglio e per quali vale la pena investire \u00a0il maggior numero di risorse disponibili;<\/p>\n<p>Trovo questo corso un perfetto concentrato di sapere di web marketing.\u00a0Per quanto mi riguarda, avendo gi\u00e0 dei siti web, <em>ho potenziato alcuni canali e depotenziato altri in base a ci\u00f2 che ho appreso al corso<\/em>. E poi ho finalmente capito l&#8217;importanza di<strong> testare, testare e testare<\/strong> (come insegnano i docenti Madri in aula!).<\/p>\n<p><em style=\"font-family: 'Open Sans', serif; font-size: 14px; font-variant: normal; line-height: 22.3999996185303px;\"><span style=\"color: #008080;\">(Mirko ha frequentato il corso Madri nella sede di Taormina a maggio 2015)<\/span><\/em><\/p>\n<p><span style=\"color: #000000;\"><em style=\"font-family: 'Open Sans', serif; font-size: 14px; font-variant: normal; line-height: 22.3999996185303px;\">_______________________________________________________________________________________________________________<\/em><\/span><\/p>\n<\/div>\n<\/div>\n<\/div>\n<div class=\"mp-row-fluid motopress-row mpce-dsbl-margin-left mpce-dsbl-margin-right\">\n<div class=\"mp-span12 motopress-clmn  mpce-dsbl-margin-left mpce-dsbl-margin-right\">\n<div class=\"motopress-text-obj\">\n<h2><\/h2>\n<h2><span style=\"font-size: 18px;\"><span style=\"color: #ff6600;\">Eleonora Tronci|Web Consultant|<\/span><a href=\"http:\/\/www.eleonoratronci.it\/\" target=\"_blank\">www.eleonoratronci.it\u00a0<\/a><\/span><\/h2>\n<\/div>\n<\/div>\n<\/div>\n<div class=\"mp-row-fluid motopress-row mpce-dsbl-margin-left mpce-dsbl-margin-right\">\n<div class=\"mp-span12 motopress-clmn  mpce-dsbl-margin-left mpce-dsbl-margin-right\">\n<div class=\"mp-row-fluid motopress-row mpce-dsbl-margin-left mpce-dsbl-margin-right\">\n<div class=\"mp-span6 motopress-clmn mpce-dsbl-margin-left mpce-dsbl-margin-right\">\n<div class=\"motopress-image-obj motopress-text-align-left\"><img decoding=\"async\" src=\"https:\/\/www.wmtools.com\/news\/wp-content\/uploads\/2015\/08\/Eleonora-Tronci-ex-corsista-Madri.jpg\" title=\"Eleonora Tronci ex corsista Madri\" alt=\"Eleonora Tronci ex corsista Madri\" class=\"motopress-image-obj-basic mpce-dsbl-margin-left mpce-dsbl-margin-right mpce-dsbl-margin-top mpce-dsbl-margin-bottom\" \/><\/div>\n<\/div>\n<div class=\"mp-span6 motopress-clmn mpce-dsbl-margin-left mpce-dsbl-margin-right\">\n<div class=\"motopress-text-obj\">\n<p><em style=\"font-family: 'Open Sans', serif; font-size: 14px; font-variant: normal; line-height: 22.3999996185303px;\"><strong>&gt;&gt; Eleonora cosa pensi della tua esperienza in aula con Madri e come hai usato le conoscenze acquisite una volta tornata a casa?<\/strong><\/em><\/p>\n<p>Ho scelto il corso Madri perch\u00e9 si presentava come un&#8217;opportunit\u00e0 di approfondire le basi del web marketing.\u00a0Gi\u00e0 operativa nel settore, avevo bisogno di una bella spolverata dei vari argomenti, per cogliere cose che, magari, mi erano sfuggite.<\/p>\n<p>La parte certamente pi\u00f9 interessante \u00e8 stata <strong>l&#8217;applicazione in aula<\/strong>, soprattutto per quanto riguarda <strong>l&#8217;analisi delle campagne marketing<\/strong> e i relativi calcoli per stabilirne l&#8217;efficacia. Utilissimo il confronto con gli altri partecipanti.<\/p>\n<\/div>\n<\/div>\n<\/div>\n<div class=\"mp-row-fluid motopress-row mpce-dsbl-margin-left mpce-dsbl-margin-right\">\n<div class=\"mp-span12 motopress-clmn mpce-dsbl-margin-left mpce-dsbl-margin-right\">\n<div class=\"motopress-text-obj\">\n<p><em>Il corso offline mi ha dato gli strumenti necessari per poter seguire agevolmente in aula i vari argomenti<\/em> (anche se la maggior parte gi\u00e0 li conoscevo), e materiale utile per il superamento dell&#8217;esame e applicabile per il mio stesso lavoro. Sto iniziando a dedicarmi particolarmente alle <em>campagne AdWords<\/em> e a<em>ll&#8217;e-mail marketing<\/em>, per poter analizzare i numeri e i risultati ottenuti grazie al web tracking. Posso davvero dire di aver avuto una sferzata di energia professionale!<\/p>\n<p><em style=\"font-family: 'Open Sans', serif; font-size: 14px; font-variant: normal; line-height: 22.3999996185303px;\"><span style=\"color: #008080;\">(Eleonora ha frequentato il corso Madri nella sede di Bologna a giugno 2015)<\/span><\/em><\/p>\n<p><span style=\"color: #000000;\"><em style=\"font-family: 'Open Sans', serif; font-size: 14px; font-variant: normal; line-height: 22.3999996185303px;\">_______________________________________________________________________________________________________________<\/em><\/span><\/p>\n<\/div>\n<\/div>\n<\/div>\n<\/div>\n<\/div>\n<div class=\"mp-row-fluid motopress-row mpce-dsbl-margin-left mpce-dsbl-margin-right\">\n<div class=\"mp-span12 motopress-clmn  mpce-dsbl-margin-left mpce-dsbl-margin-right\">\n<div class=\"motopress-text-obj\">\n<p><span style=\"color: #008080;\"><strong>Approfondimenti:<\/strong><\/span> <em>Vuoi partecipare alla prossima edizione del Corso Nazionale di Web Marketing Operativo (ad ottobre a Catania, Roma e Milano) o vuoi conoscere tutti i dettagli sul programma, i docenti e la certificazione? <a href=\"http:\/\/www.wmspecialist.com\/\" target=\"_blank\">Qui trovi la pagina ufficiale del corso con tutte le informazioni.<\/a><\/em><\/p>\n<p>&nbsp;<\/p>\n<\/div>\n<\/div>\n<\/div>\n","protected":false},"excerpt":{"rendered":"","protected":false},"author":57,"featured_media":5224,"comment_status":"open","ping_status":"open","sticky":false,"template":"","format":"standard","meta":{"footnotes":""},"categories":[2],"tags":[],"class_list":["post-5221","post","type-post","status-publish","format-standard","has-post-thumbnail","hentry","category-web-marketing"],"aioseo_notices":[],"_links":{"self":[{"href":"https:\/\/www.wmtools.com\/news\/wp-json\/wp\/v2\/posts\/5221","targetHints":{"allow":["GET"]}}],"collection":[{"href":"https:\/\/www.wmtools.com\/news\/wp-json\/wp\/v2\/posts"}],"about":[{"href":"https:\/\/www.wmtools.com\/news\/wp-json\/wp\/v2\/types\/post"}],"author":[{"embeddable":true,"href":"https:\/\/www.wmtools.com\/news\/wp-json\/wp\/v2\/users\/57"}],"replies":[{"embeddable":true,"href":"https:\/\/www.wmtools.com\/news\/wp-json\/wp\/v2\/comments?post=5221"}],"version-history":[{"count":0,"href":"https:\/\/www.wmtools.com\/news\/wp-json\/wp\/v2\/posts\/5221\/revisions"}],"wp:featuredmedia":[{"embeddable":true,"href":"https:\/\/www.wmtools.com\/news\/wp-json\/wp\/v2\/media\/5224"}],"wp:attachment":[{"href":"https:\/\/www.wmtools.com\/news\/wp-json\/wp\/v2\/media?parent=5221"}],"wp:term":[{"taxonomy":"category","embeddable":true,"href":"https:\/\/www.wmtools.com\/news\/wp-json\/wp\/v2\/categories?post=5221"},{"taxonomy":"post_tag","embeddable":true,"href":"https:\/\/www.wmtools.com\/news\/wp-json\/wp\/v2\/tags?post=5221"}],"curies":[{"name":"wp","href":"https:\/\/api.w.org\/{rel}","templated":true}]}}