{"id":756,"date":"2008-11-13T13:19:48","date_gmt":"2008-11-13T11:19:48","guid":{"rendered":"http:\/\/www.wmtools.com\/news\/posizionamento-motori\/decreto-anti-blog-ci-risiamo"},"modified":"2008-11-11T13:20:32","modified_gmt":"2008-11-11T11:20:32","slug":"decreto-anti-blog-ci-risiamo","status":"publish","type":"post","link":"http:\/\/www.wmtools.com\/news\/posizionamento-motori\/decreto-anti-blog-ci-risiamo","title":{"rendered":"Decreto anti blog: ci risiamo?"},"content":{"rendered":"<p>La blogosfera si sta scatenando e stavolta \u00e8 partito anche Facebook con gruppi, discussioni, appelli.<\/p>\n<p>I blog sono di nuovo a rischio?<\/p>\n<p>Su <a href=\"http:\/\/punto-informatico.it\/2468674\/PI\/News\/camera-manda-avanti-ddl-anti-blog.aspx\">punto informatico<\/a> si spiegano i punti salienti. Fra i vari la questione dei <strong>ricavi da adsense<\/strong>, un sostegno non da poco per molti blogger:<\/p>\n<blockquote><p>chiunque correda le proprie pubblicazioni con banner, promozioni, o anche annunci di Google AdSense, secondo la comune <a href=\"http:\/\/www.businessonline.it\/4\/E-business\/578\/Sito_web_e_deducibilit%E0_dei_costi_%28Seconda_Parte%29.html\" target=\"_blank\">interpretazione<\/a> dell&#8217;Agenzia delle Entrate, <strong>fa attivit\u00e0 di impresa<\/strong>.<\/p><\/blockquote>\n<p>e la discussione si allarga.<\/p>\n<p><em>Ma se creo un <strong>sito per la mia azienda completo di blog<\/strong> dovrei quindi registrarmi al ROC anche se le uniche informazioni che pubblico sono inerenti alla mia azienda?<\/em><\/p>\n<p>Altra situazione: <strong>se all&#8217;interno di un portale informativo di un&#8217;associazione culturale <\/strong>si inseriscono banner di &#8220;soci&#8221; o &#8220;semplici donatori&#8221; che lo sovvenzionano con donazioni, <strong>il banner \u00e8 da ritenere attivit\u00e0 commerciale<\/strong>?<\/p>\n<p>C&#8217;\u00e8 anche chi difende il decreto, sempre su Punto Informatico, fra i commenti c&#8217;\u00e8 chi dice:<\/p>\n<blockquote><p>Non ho capito perch\u00e8 un normale igornalista deve rispettare le leggi e e un blogger no.<\/p><\/blockquote>\n<p>Insomma la questione \u00e8 complessa. La domanda \u00e8 pero&#8217; un&#8217;altra: il legislatore conosce l&#8217;argomento? \u00e8 in grado di cogliere le sottile differenze fra un network di blog nato a scopi commerciali, e una redazione che usano questa piattaforma per comodit\u00e0, oppure fra i piccoli blogger che lo usano come sfogo personale e le associazioni no-profit che hanno finalmente trovato uno strumento per comunicare facile ed economico?<\/p>\n","protected":false},"excerpt":{"rendered":"La blogosfera si sta scatenando e stavolta \u00e8 partito anche Facebook con gruppi, discussioni, appelli. I blog sono di nuovo a rischio? Su punto informatico si spiegano i punti salienti. Fra i vari la questione dei ricavi da adsense, un sostegno non da poco per molti blogger: chiunque correda le proprie pubblicazioni con banner, promozioni,&hellip;","protected":false},"author":38,"featured_media":0,"comment_status":"open","ping_status":"open","sticky":false,"template":"","format":"standard","meta":{"footnotes":""},"categories":[1],"tags":[],"class_list":["post-756","post","type-post","status-publish","format-standard","hentry","category-posizionamento-motori"],"aioseo_notices":[],"_links":{"self":[{"href":"http:\/\/www.wmtools.com\/news\/wp-json\/wp\/v2\/posts\/756","targetHints":{"allow":["GET"]}}],"collection":[{"href":"http:\/\/www.wmtools.com\/news\/wp-json\/wp\/v2\/posts"}],"about":[{"href":"http:\/\/www.wmtools.com\/news\/wp-json\/wp\/v2\/types\/post"}],"author":[{"embeddable":true,"href":"http:\/\/www.wmtools.com\/news\/wp-json\/wp\/v2\/users\/38"}],"replies":[{"embeddable":true,"href":"http:\/\/www.wmtools.com\/news\/wp-json\/wp\/v2\/comments?post=756"}],"version-history":[{"count":0,"href":"http:\/\/www.wmtools.com\/news\/wp-json\/wp\/v2\/posts\/756\/revisions"}],"wp:attachment":[{"href":"http:\/\/www.wmtools.com\/news\/wp-json\/wp\/v2\/media?parent=756"}],"wp:term":[{"taxonomy":"category","embeddable":true,"href":"http:\/\/www.wmtools.com\/news\/wp-json\/wp\/v2\/categories?post=756"},{"taxonomy":"post_tag","embeddable":true,"href":"http:\/\/www.wmtools.com\/news\/wp-json\/wp\/v2\/tags?post=756"}],"curies":[{"name":"wp","href":"https:\/\/api.w.org\/{rel}","templated":true}]}}