{"id":448,"date":"2007-06-19T17:31:56","date_gmt":"2007-06-19T15:31:56","guid":{"rendered":"http:\/\/www.wmtools.com\/news\/eventi-seo\/in-veneto-si-parla-di-web-20-alle-aziende"},"modified":"2007-06-19T17:41:50","modified_gmt":"2007-06-19T15:41:50","slug":"in-veneto-si-parla-di-web-20-alle-aziende","status":"publish","type":"post","link":"http:\/\/www.wmtools.com\/news\/eventi-seo\/in-veneto-si-parla-di-web-20-alle-aziende","title":{"rendered":"In Veneto si parla di web 2.0 alle aziende"},"content":{"rendered":"<div align=\"justify\">Ok ne abbiamo parlato fino allo sfinimento, solo nominare questa sigla fa sobbalzare sulla sedia gran parte dei <em>seo<\/em> e degli esperti di web marketing, che non ne possono pi\u00f9 di <em>nomi, definizioni e termini di moda<\/em>.<\/div>\n<div align=\"left\">Ma sinceramente.. <strong>quante sono le aziende che sanno cosa sia il web 2.0<\/strong>? o meglio ancora: quante sono le aziende che hanno capito l&#8217;importanza degli <em>user generated contents<\/em>? che ne sfruttano le potenzialit\u00e0?<br \/>\nTemo poche..<\/div>\n<div align=\"justify\">Quando parlo della <strong>campagna Never Hide della Rayban<\/strong> (con il video stupidotto su Youtube dei 2 ragazzi che si lanciano gli occhiali), del <strong>blog di Ducati<\/strong>, della <strong>community 500 wants you<\/strong>, mi rendo conto che molti imprenditori non hanno la minima idea di quello che io stia dicendo.<br \/>\nPer questo quando ho letto del <strong>seminario gratuito<\/strong>, organizzato da Treviso Tecnologia, <strong>dal titolo Web 2.0: vincoli e opportunit\u00e0 per le aziende<\/strong>, il 28 giugno presso la Camera di Commercio di Treviso, ne sono stata lieta.<br \/>\nMi ha un po&#8217; sorpreso non trovare nemmeno citata <strong>TSW<\/strong> che l\u00ec \u00e8 di casa, ma forse per un incontro cos\u00ec di base, non \u00e8 necessario (o forse ci sono altri motivi organizzativi che ignoro). Ignoro anche la qualit\u00e0 degli interventi, ma ripeto: ritengo comunque positivo che una Camera di Commercio abbia deciso di fare formazione gratuita alle aziende su questo tema.<\/div>\n<div align=\"justify\">\n<div align=\"justify\">Questo il programma e la presentazione del seminario:<\/div>\n<div align=\"left\">\n<div align=\"left\"><img loading=\"lazy\" decoding=\"async\" width=\"96\" height=\"96\" alt=\"seminario gratuito web 2.0\" id=\"image447\" src=\"http:\/\/www.wmtools.com\/news\/wp-content\/uploads\/2007\/06\/weB%202.0.thumbnail.jpg\" \/><\/div>\n<div align=\"justify\"><em><br \/>\nIl diffondersi delle <strong>tecnologie Web 2.0 <\/strong>sta cambiando il modo di comunicare e di interagire tra gli individui. L&#8217;utente \u00e8 sempre pi\u00f9 al centro del mondo web, non solo come spettatore, ma anche come protagonista.<br \/>\nNegli ultimi tempi le aziende cominciano a considerare le nuove tecnologie del Web 2.0 sia come strumenti di svago sia come potenziali strumenti di business. Ma <strong>in che modo il Web 2.0 pu\u00f2 essere considerato un&#8217;opportunit\u00e0 per le aziende<\/strong>?<br \/>\nIl convegno si propone di analizzare il <strong>fenomeno del Web 2.0<\/strong> da diverse prospettive per fornire alle aziende informazioni che sviluppino la conoscenza di questi nuovi strumenti e favoriscano il loro utilizzo.<br \/>\nPartendo da un&#8217;introduzione tecnica che descrive in concreto queste nuove tecnologie ed il loro utilizzo nelle aziende, proseguendo con un&#8217;analisi delle possibili implicazioni legate alla Privacy, e con una panoramica su come l&#8217;accessibilit\u00e0 si possa conciliare con il Web 2.0, l&#8217;incontro si concluder\u00e0 con l&#8217;esposizione dei <strong>risultati di un&#8217;analisi sociologica italiana, riguardante i blog in Italia<\/strong>.<\/em><\/div>\n<div align=\"left\">Programma<\/p>\n<p><em><strong>15.00<\/strong> Registrazione dei partecipanti<br \/>\n<strong> 15.15<\/strong> Introduzione ai lavori<br \/>\nMarco D&#8217;Eredit\u00e0 &#8211; Segretario Generale della Camera di Commercio di Treviso<br \/>\n<strong> 15.30<\/strong> La nascita del Web 2.0, recenti tendenze ed opportunit\u00e0 di business per le aziende<br \/>\nMarco Bianchi &#8211; Responsabile commerciale Moca Interactive Srl<br \/>\n<strong> 16.00<\/strong> Le nuove tecnologie nel complesso rapporto tra Societ\u00e0 ed Impresa<br \/>\nGlauco Riem &#8211; Studio Legale Riem<br \/>\n<strong> 16.30<\/strong> Comunicazione, Tecnologia e Sociale: opportunit\u00e0 del nuovo web<br \/>\nCristina Greggio &#8211; Coordinatrice di progetti dedicati alla comunicazione internet per Aziende e Pubblica Amministrazione<br \/>\n<strong> 17.00<\/strong> Diario Aperto: una ricerca sociale attraverso i modi di raccontare e ascoltare la rete<br \/>\nEnrico Marchetto &#8211; Facolt\u00e0 di Scienze della Formazione, Universit\u00e0 di Trieste<br \/>\n<strong> 17.30<\/strong> Presentazione volume: &#8220;WebDieci: selezione articoli 2002\/2006&#8221;<br \/>\nRoberto Santolamazza &#8211; Direttore Treviso Tecnologia <\/em><strong> <\/strong><strong> <\/strong><\/div>\n<p><strong> <\/strong><\/p>\n<div align=\"left\"><strong> <\/strong><\/p>\n<div align=\"left\">il seminario avr\u00e0 luogo presso la<br \/>\nCamera di Commercio di Treviso<br \/>\nPiazza Borsa, 3\/B &#8211; Treviso<\/div>\n<p><strong> <\/strong><\/p>\n<div align=\"left\"><strong><strong>28 giugno 2007<\/strong><br \/>\n15.00 &#8211; 17.30<\/strong><\/div>\n<p><strong> <\/strong><\/p>\n<div align=\"left\"><strong>partecipazione gratuita<\/strong><\/div>\n<div align=\"left\"><\/div>\n<div align=\"left\"><\/div>\n<div align=\"left\"><\/div>\n<div align=\"left\"><em>scritto da <a title=\"marketing e comunicazione\" href=\"http:\/\/dentrolapiramide.blogspot.com\">Elena Farinelli<\/a>\u00a0<\/em><\/div>\n<\/div>\n<\/div>\n<\/div>\n","protected":false},"excerpt":{"rendered":"Ok ne abbiamo parlato fino allo sfinimento, solo nominare questa sigla fa sobbalzare sulla sedia gran parte dei seo e degli esperti di web marketing, che non ne possono pi\u00f9 di nomi, definizioni e termini di moda. Ma sinceramente.. quante sono le aziende che sanno cosa sia il web 2.0? o meglio ancora: quante sono&hellip;","protected":false},"author":3,"featured_media":0,"comment_status":"open","ping_status":"open","sticky":false,"template":"","format":"standard","meta":{"footnotes":""},"categories":[9],"tags":[],"class_list":["post-448","post","type-post","status-publish","format-standard","hentry","category-eventi-seo"],"aioseo_notices":[],"_links":{"self":[{"href":"http:\/\/www.wmtools.com\/news\/wp-json\/wp\/v2\/posts\/448","targetHints":{"allow":["GET"]}}],"collection":[{"href":"http:\/\/www.wmtools.com\/news\/wp-json\/wp\/v2\/posts"}],"about":[{"href":"http:\/\/www.wmtools.com\/news\/wp-json\/wp\/v2\/types\/post"}],"author":[{"embeddable":true,"href":"http:\/\/www.wmtools.com\/news\/wp-json\/wp\/v2\/users\/3"}],"replies":[{"embeddable":true,"href":"http:\/\/www.wmtools.com\/news\/wp-json\/wp\/v2\/comments?post=448"}],"version-history":[{"count":0,"href":"http:\/\/www.wmtools.com\/news\/wp-json\/wp\/v2\/posts\/448\/revisions"}],"wp:attachment":[{"href":"http:\/\/www.wmtools.com\/news\/wp-json\/wp\/v2\/media?parent=448"}],"wp:term":[{"taxonomy":"category","embeddable":true,"href":"http:\/\/www.wmtools.com\/news\/wp-json\/wp\/v2\/categories?post=448"},{"taxonomy":"post_tag","embeddable":true,"href":"http:\/\/www.wmtools.com\/news\/wp-json\/wp\/v2\/tags?post=448"}],"curies":[{"name":"wp","href":"https:\/\/api.w.org\/{rel}","templated":true}]}}