{"id":3451,"date":"2014-11-28T17:36:09","date_gmt":"2014-11-28T15:36:09","guid":{"rendered":"http:\/\/www.wmtools.com\/news\/?p=3451"},"modified":"2014-11-28T20:30:25","modified_gmt":"2014-11-28T18:30:25","slug":"weekly-shot-24-28-novembre","status":"publish","type":"post","link":"http:\/\/www.wmtools.com\/news\/web-marketing\/weekly-shot-24-28-novembre","title":{"rendered":"Weekly Shot | 24 &#8211; 28 Novembre"},"content":{"rendered":"<div class=\"mp-row-fluid motopress-row mpce-dsbl-margin-left mpce-dsbl-margin-right\">\n<div class=\"mp-span12 motopress-clmn  mpce-dsbl-margin-left mpce-dsbl-margin-right\">\n<div class=\"motopress-text-obj\">\n<h1 style=\"text-align: center;\"><span style=\"color: #ff6600; font-size: 36px;\">Vuoi leggere le ultime notizie del settore Web Marketing &amp; SEO?<\/span><\/h1>\n<\/div>\n<\/div>\n<\/div>\n<div class=\"mp-row-fluid motopress-row mpce-dsbl-margin-left mpce-dsbl-margin-right\">\n<div class=\"mp-span12 motopress-clmn  mpce-dsbl-margin-left mpce-dsbl-margin-right\">\n<div class=\"motopress-image-obj motopress-text-align-center\"><img decoding=\"async\" src=\"http:\/\/www.wmtools.com\/news\/wp-content\/uploads\/2014\/11\/Weekly-shot-novembre-2014.jpg\" title=\"Weekly shot febbraio 2015\" alt=\"Le ultime novit\u00e0 del settore web marketing e seo nella rubrica settimanale di wmtools\" class=\"motopress-image-obj-basic mpce-dsbl-margin-left mpce-dsbl-margin-right mpce-dsbl-margin-top mpce-dsbl-margin-bottom\" \/><\/div>\n<\/div>\n<\/div>\n<div class=\"mp-row-fluid motopress-row mpce-dsbl-margin-left mpce-dsbl-margin-right\">\n<div class=\"mp-span12 motopress-clmn  mpce-dsbl-margin-left mpce-dsbl-margin-right\">\n<div class=\"motopress-text-obj\">\n<h2 style=\"text-align: center;\">Weekly Shot, la rubrica settimanale di WMTools, ti propone una sintesi di alcune delle notizie pi\u00f9 rilevanti e curiose del settore<\/h2>\n<\/div>\n<\/div>\n<\/div>\n<div class=\"mp-row-fluid motopress-row mpce-dsbl-margin-left mpce-dsbl-margin-right\">\n<div class=\"mp-span12 motopress-clmn  mpce-dsbl-margin-left mpce-dsbl-margin-right\">\n<div class=\"mp-row-fluid motopress-row mpce-dsbl-margin-left mpce-dsbl-margin-right\">\n<div class=\"mp-span12 motopress-clmn mpce-dsbl-margin-left mpce-dsbl-margin-right\">\n<div class=\"motopress-text-obj\">\n<h3><\/h3>\n<h3><span style=\"color: #ff6600;\">Questa settimana in evidenza su WMTools Weekly Shot:<\/span><\/h3>\n<p><span style=\"color: #000000;\">&gt;&gt; Twitter testa le statistiche all&#8217;interno dei singoli tweet<\/span><\/p>\n<p><span style=\"color: #000000;\">&gt;&gt; Offers \u00e8 il nuovo servizio di Twitter appena lanciato negli USA<\/span><\/p>\n<p><span style=\"color: #000000;\">&gt;&gt; Amazon pronto a sfidare Booking ed Expedia?<br \/>\n<\/span><\/p>\n<p><span style=\"color: #000000;\">&gt;&gt; Canta Imagine con John Lennon grazie ad una nuova App<\/span><\/p>\n<p><span style=\"color: #000000;\">&gt;&gt; Black Friday VS. Cyber Monday in un&#8217;infografica<br \/>\n<\/span><\/p>\n<p><span style=\"color: #000000;\">_______________________________________________________________________________________________________________<\/span><\/p>\n<\/div>\n<\/div>\n<\/div>\n<div class=\"mp-row-fluid motopress-row mpce-dsbl-margin-left mpce-dsbl-margin-right\">\n<div class=\"mp-span12 motopress-clmn mpce-dsbl-margin-left mpce-dsbl-margin-right\">\n<div class=\"motopress-text-obj\">\n<h3><span style=\"color: #ff6600;\">&gt;&gt; Twitter testa le statistiche all&#8217;interno dei singoli Tweet<\/span><\/h3>\n<\/div>\n<\/div>\n<\/div>\n<\/div>\n<\/div>\n<div class=\"mp-row-fluid motopress-row mpce-dsbl-margin-left mpce-dsbl-margin-right\">\n<div class=\"mp-span12 motopress-clmn  mpce-dsbl-margin-left mpce-dsbl-margin-right\">\n<div class=\"motopress-image-obj motopress-text-align-center\"><img decoding=\"async\" src=\"http:\/\/www.wmtools.com\/news\/wp-content\/uploads\/2014\/11\/Twitter-testa-le-statistiche-per-i-singoli-tweet.jpg\" title=\"Twitter testa le statistiche per i singoli tweet\" alt=\"Twitter testa le statistiche per i singoli tweet\" class=\"motopress-image-obj-basic mpce-dsbl-margin-left mpce-dsbl-margin-right mpce-dsbl-margin-top mpce-dsbl-margin-bottom\" \/><\/div>\n<\/div>\n<\/div>\n<div class=\"mp-row-fluid motopress-row mpce-dsbl-margin-left mpce-dsbl-margin-right\">\n<div class=\"mp-span12 motopress-clmn  mpce-dsbl-margin-left mpce-dsbl-margin-right\">\n<div class=\"mp-row-fluid motopress-row mpce-dsbl-margin-left mpce-dsbl-margin-right\">\n<div class=\"mp-span12 motopress-clmn mpce-dsbl-margin-left mpce-dsbl-margin-right\">\n<div class=\"motopress-text-obj\">\n<p>Twitter non smette mai di sperimentare. Proprio in questi giorni testa l\u2019inserimento delle statistiche all\u2019interno dei singoli tweet lanciati sulla timeline. E\u2019 The Verge a pubblicare la <a href=\"http:\/\/www.theverge.com\/2014\/11\/25\/7285809\/are-your-tweets-any-good\" target=\"_blank\">notizia<\/a> dopo aver notato che alcuni utenti selezionati; utilizzatori dell&#8217;app mobile; hanno una nuova voce (oltre a retweet e preferito) all&#8217;interno dei propri tweet. Puoi vederlo nella foto sotto:<\/p>\n<\/div>\n<\/div>\n<\/div>\n<div class=\"mp-row-fluid motopress-row mpce-dsbl-margin-left mpce-dsbl-margin-right\">\n<div class=\"mp-span12 motopress-clmn mpce-dsbl-margin-left mpce-dsbl-margin-right\">\n<div class=\"motopress-image-obj motopress-text-align-center\"><img decoding=\"async\" src=\"http:\/\/www.wmtools.com\/news\/wp-content\/uploads\/2014\/11\/twitter-testa-le-statistiche-allinterno-del-tweet.png\" title=\"twitter testa le statistiche all&#039;interno del tweet\" alt=\"twitter testa le statistiche all'interno del tweet\" class=\"motopress-image-obj-basic mpce-dsbl-margin-left mpce-dsbl-margin-right mpce-dsbl-margin-top mpce-dsbl-margin-bottom\" \/><\/div>\n<\/div>\n<\/div>\n<\/div>\n<\/div>\n<div class=\"mp-row-fluid motopress-row mpce-dsbl-margin-left mpce-dsbl-margin-right\">\n<div class=\"mp-span12 motopress-clmn  mpce-dsbl-margin-left mpce-dsbl-margin-right\">\n<div class=\"mp-row-fluid motopress-row mpce-dsbl-margin-left mpce-dsbl-margin-right\">\n<div class=\"mp-span12 motopress-clmn mpce-dsbl-margin-left mpce-dsbl-margin-right\">\n<div class=\"motopress-text-obj\">\n<p>Se la novit\u00e0 diventasse effettiva gli utenti avrebbero la possibilit\u00e0 di controllare l\u2019andamento dei propri tweet in maniera pi\u00f9 immediata e veloce (si apre infatti una schermata con i dati del singolo tweet) scoprendo in tempo reale cosa funziona e cosa c\u2019\u00e8 da migliorare nei cinguettii lanciati. Le statistiche sono gi\u00e0 comunque visibili <a href=\"https:\/\/analytics.twitter.com\/about\" target=\"_blank\">collegandosi qui<\/a>.<\/p>\n<p>_________________________________________________________________________________________________________________<\/p>\n<\/div>\n<\/div>\n<\/div>\n<div class=\"mp-row-fluid motopress-row mpce-dsbl-margin-left mpce-dsbl-margin-right\">\n<div class=\"mp-span12 motopress-clmn mpce-dsbl-margin-left mpce-dsbl-margin-right\">\n<div class=\"motopress-text-obj\">\n<h3><span style=\"color: #ff6600;\">&gt;&gt; Twitter lancia il servizio Offers negli Stati Uniti<\/span><\/h3>\n<\/div>\n<\/div>\n<\/div>\n<\/div>\n<\/div>\n<div class=\"mp-row-fluid motopress-row mpce-dsbl-margin-left mpce-dsbl-margin-right\">\n<div class=\"mp-span12 motopress-clmn  mpce-dsbl-margin-left mpce-dsbl-margin-right\">\n<div class=\"motopress-image-obj motopress-text-align-center\"><img decoding=\"async\" src=\"http:\/\/www.wmtools.com\/news\/wp-content\/uploads\/2014\/11\/Twitter-lancia-offers-negli-stati-uniti.jpg\" title=\"Twitter lancia offers negli stati uniti\" alt=\"Twitter lancia offers negli stati uniti\" class=\"motopress-image-obj-basic mpce-dsbl-margin-left mpce-dsbl-margin-right mpce-dsbl-margin-top mpce-dsbl-margin-bottom\" \/><\/div>\n<\/div>\n<\/div>\n<div class=\"mp-row-fluid motopress-row mpce-dsbl-margin-left mpce-dsbl-margin-right\">\n<div class=\"mp-span12 motopress-clmn  mpce-dsbl-margin-left mpce-dsbl-margin-right\">\n<div class=\"mp-row-fluid motopress-row mpce-dsbl-margin-left mpce-dsbl-margin-right\">\n<div class=\"mp-span12 motopress-clmn mpce-dsbl-margin-left mpce-dsbl-margin-right\">\n<div class=\"motopress-text-obj\">\n<p>Il 25 Novembre <a href=\"https:\/\/blog.twitter.com\/2014\/introducing-twitter-offers\" target=\"_blank\">Twitter ha presentato ufficialmente Offers<\/a>, servizio rivolto alle aziende che ora (e per tutto il periodo natalizio) potranno incorporare offerte speciali e coupon all\u2019interno dei propri tweet sulla timeline. Gli utenti potranno scegliere la propria offerta preferita aggiungendola; attraverso un apposito bottone;\u00a0 alla carta di credito con la quale pagheranno. In questo modo gli inserzionisti potranno offrire offerte mirate e particolari sconti agli utenti del social. Twitter assicura che i dati delle carte di credito utilizzate per gli acquisti saranno criptati e conservati per poter essere utilizzati in caso di futuri acquisti ma, in qualsiasi momento, l\u2019utente avr\u00e0 la possibilit\u00e0 di cancellare in maniera immediata i propri dati dal proprio profilo. Il servizio al momento \u00e8 un semplice test\u00a0 limitato al mercato statunitense solo per il periodo natalizio.<\/p>\n<p>_________________________________________________________________________________________________________________<\/p>\n<\/div>\n<\/div>\n<\/div>\n<div class=\"mp-row-fluid motopress-row mpce-dsbl-margin-left mpce-dsbl-margin-right\">\n<div class=\"mp-span12 motopress-clmn mpce-dsbl-margin-left mpce-dsbl-margin-right\">\n<div class=\"motopress-text-obj\">\n<h3><span style=\"color: #ff6600;\">&gt;&gt; Amazon lancia Travel. Pronto a sfidare Expedia e Booking?<\/span><\/h3>\n<\/div>\n<\/div>\n<\/div>\n<div class=\"mp-row-fluid motopress-row mpce-dsbl-margin-left mpce-dsbl-margin-right\">\n<div class=\"mp-span12 motopress-clmn mpce-dsbl-margin-left mpce-dsbl-margin-right\">\n<div class=\"motopress-image-obj motopress-text-align-center\"><img decoding=\"async\" src=\"http:\/\/www.wmtools.com\/news\/wp-content\/uploads\/2014\/11\/Amazon-lancia-il-servizio-e-commerce-Travel.jpg\" title=\"Amazon lancia il servizio e-commerce Travel\" alt=\"Amazon lancia il servizio e-commerce Travel\" class=\"motopress-image-obj-basic mpce-dsbl-margin-left mpce-dsbl-margin-right mpce-dsbl-margin-top mpce-dsbl-margin-bottom\" \/><\/div>\n<\/div>\n<\/div>\n<\/div>\n<\/div>\n<div class=\"mp-row-fluid motopress-row mpce-dsbl-margin-left mpce-dsbl-margin-right\">\n<div class=\"mp-span12 motopress-clmn  mpce-dsbl-margin-left mpce-dsbl-margin-right\">\n<div class=\"mp-row-fluid motopress-row mpce-dsbl-margin-left mpce-dsbl-margin-right\">\n<div class=\"mp-span12 motopress-clmn mpce-dsbl-margin-left mpce-dsbl-margin-right\">\n<div class=\"motopress-text-obj\">\n<p>Amazon lancia Travel e questo suona come una sfida nei confronti di giganti quali Booking ed Expedia. Dal 2015 (gi\u00e0 da gennaio, dicono le indicrezioni sul web) sar\u00e0 infatti possibile usare Amazon anche per prenotare le proprie vacanze, anche se inizialmente il tutto sar\u00e0 limitato alle prenotazioni alberghiere in alcune strutture selezionate nei pressi delle principali citt\u00e0 americane. Pare invece che, per ora, non si occuper\u00e0 di prenotazione voli ed altri servizi. <a href=\"http:\/\/skift.com\/2014\/11\/20\/exclusive-amazon-to-get-into-hotel-booking-with-launch-of-travel-site\/\" target=\"_blank\">Secondo il sito Skift.com<\/a> pare che Amazon abbia scelto le strutture alberghiere basandosi inizialmente sui giudizi letti su Tripadvisor. Le indiscrezioni sembra siano provenienti da alcuni dipendenti di hotel che avrebbero gi\u00e0 stretto accordi con Amazon che al momento per\u00f2 non commenta. Aspettiamo i successivi sviluppi.<\/p>\n<p>________________________________________________________________________________________________________________<\/p>\n<\/div>\n<\/div>\n<\/div>\n<div class=\"mp-row-fluid motopress-row mpce-dsbl-margin-left mpce-dsbl-margin-right\">\n<div class=\"mp-span12 motopress-clmn mpce-dsbl-margin-left mpce-dsbl-margin-right\">\n<div class=\"motopress-text-obj\">\n<h3><span style=\"color: #ff6600;\">&gt;&gt; Una nuova App ti permette di cantare con John Lennon e altre star<\/span><\/h3>\n<\/div>\n<\/div>\n<\/div>\n<div class=\"mp-row-fluid motopress-row mpce-dsbl-margin-left mpce-dsbl-margin-right\">\n<div class=\"mp-span12 motopress-clmn mpce-dsbl-margin-left mpce-dsbl-margin-right\">\n<div class=\"motopress-text-obj\">\n<p>In occasione dei 25 anni dalla firma della Convenzione per i diritti dei bambini <a href=\"http:\/\/marketingland.com\/unicef-launches-imagine-campaign-109053?utm_campaign=socialflow&amp;utm_source=twitter&amp;utm_medium=social\" target=\"_blank\">Unicef ha lanciato <\/a>su iTunes l&#8217;App #IMAGINE grazie alla quale i fan di tutto il mondo potranno realizzare il sogno di cantare il celebre brano proprio con John Lennon e tante altre star internazionali che hanno partecipato all&#8217;iniziativa prestando il loro volto e la loro voce.<\/p>\n<\/div>\n<\/div>\n<\/div>\n<\/div>\n<\/div>\n<div class=\"mp-row-fluid motopress-row mpce-dsbl-margin-left mpce-dsbl-margin-right\">\n<div class=\"mp-span12 motopress-clmn  mpce-dsbl-margin-left mpce-dsbl-margin-right\">\n<div class=\"motopress-video-obj\"><iframe src=\"\/\/www.youtube.com\/embed\/rpTzkiul8Iw?wmode=opaque\" class=\" mpce-dsbl-margin-left mpce-dsbl-margin-right mpce-dsbl-margin-top mpce-dsbl-margin-bottom\" frameborder=\"0\" webkitallowfullscreen mozallowfullscreen allowfullscreen><\/iframe><\/div>\n<\/div>\n<\/div>\n<div class=\"mp-row-fluid motopress-row mpce-dsbl-margin-left mpce-dsbl-margin-right\">\n<div class=\"mp-span12 motopress-clmn  mpce-dsbl-margin-left mpce-dsbl-margin-right\">\n<div class=\"mp-row-fluid motopress-row mpce-dsbl-margin-left mpce-dsbl-margin-right\">\n<div class=\"mp-span12 motopress-clmn mpce-dsbl-margin-left mpce-dsbl-margin-right\">\n<div class=\"motopress-text-obj\">\n<p>Yoko Ono, la celebre moglie di Lennon che appoggia la campagna, ha autorizzato l&#8217;Unicef a lanciare l&#8217;hashtag #immagine e a l&#8217;app per iPhone e iPad che dar\u00e0 la possibilit\u00e0 a tutti di registrare la propria versione del brano. Il Dj David Guetta monter\u00e0 tutti i contributi che saranno diffusi in un nuovo video durante la notte di Capodanno.<\/p>\n<p>_________________________________________________________________________________________________________________<\/p>\n<\/div>\n<\/div>\n<\/div>\n<div class=\"mp-row-fluid motopress-row mpce-dsbl-margin-left mpce-dsbl-margin-right\">\n<div class=\"mp-span12 motopress-clmn mpce-dsbl-margin-left mpce-dsbl-margin-right\">\n<div class=\"motopress-text-obj\">\n<h3><span style=\"color: #ff6600;\">&gt;&gt; Black Friday Vs. Cyber Monday in un&#8217;infografica<\/span><\/h3>\n<\/div>\n<\/div>\n<\/div>\n<div class=\"mp-row-fluid motopress-row mpce-dsbl-margin-left mpce-dsbl-margin-right\">\n<div class=\"mp-span12 motopress-clmn mpce-dsbl-margin-left mpce-dsbl-margin-right\">\n<div class=\"motopress-image-obj motopress-text-align-center\"><img decoding=\"async\" src=\"http:\/\/www.wmtools.com\/news\/wp-content\/uploads\/2014\/11\/shopping-durante-il-black-friday.png\" title=\"shopping-durante-il-black-friday\" alt=\"shopping-durante-il-black-friday\" class=\"motopress-image-obj-basic mpce-dsbl-margin-left mpce-dsbl-margin-right mpce-dsbl-margin-top mpce-dsbl-margin-bottom\" \/><\/div>\n<\/div>\n<\/div>\n<\/div>\n<\/div>\n<div class=\"mp-row-fluid motopress-row mpce-dsbl-margin-left mpce-dsbl-margin-right\">\n<div class=\"mp-span12 motopress-clmn  mpce-dsbl-margin-left mpce-dsbl-margin-right\">\n<div class=\"motopress-text-obj\">\n<p>Oggi \u00e8 il cosiddetto &#8220;Black Friday&#8221;, il giorno con i prezzi pi\u00f9 bassi dell&#8217;anno (negli Stati Uniti ma ormai anche in altri Paesi) che d\u00e0 il via al periodo dello shopping natalizio. Ti segnaliamo un&#8217;infografica che mette a confronto il Black Friday con il &#8220;Cyber Monday&#8221; il luned\u00ec successivo a questa giornata e che solitamente viene pensato per chi non ha potuto usufruire degli sconti del venerd\u00ec nero. <a href=\"http:\/\/www.valuewalk.com\/2014\/11\/black-friday-2014-quotes-infographic\/\" target=\"_blank\">Qui puoi vedere l&#8217;infografica pubblicata dal sito Valuewalk.com<\/a>. Ti segnaliamo inoltre <a href=\"http:\/\/www.inc.com\/adam-heitzman\/black-friday-5-ecommerce-marketing-mistakes-to-avoid.html\" target=\"_blank\">il post di Adam Heitzman<\/a> pubblicato su inc.com nel quale l&#8217;autore suggerisce i 5 errori che un e-commerce deve evitare durante il Black Friday.<\/p>\n<p>&nbsp;<\/p>\n<h4 style=\"text-align: center;\"><span style=\"color: #008080;\">Buon Weekend dallo Staff di Madri Internet Marketing!<\/span><\/h4>\n<\/div>\n<\/div>\n<\/div>\n","protected":false},"excerpt":{"rendered":"","protected":false},"author":57,"featured_media":3057,"comment_status":"open","ping_status":"open","sticky":false,"template":"","format":"standard","meta":{"footnotes":""},"categories":[2],"tags":[],"class_list":["post-3451","post","type-post","status-publish","format-standard","has-post-thumbnail","hentry","category-web-marketing"],"aioseo_notices":[],"_links":{"self":[{"href":"http:\/\/www.wmtools.com\/news\/wp-json\/wp\/v2\/posts\/3451","targetHints":{"allow":["GET"]}}],"collection":[{"href":"http:\/\/www.wmtools.com\/news\/wp-json\/wp\/v2\/posts"}],"about":[{"href":"http:\/\/www.wmtools.com\/news\/wp-json\/wp\/v2\/types\/post"}],"author":[{"embeddable":true,"href":"http:\/\/www.wmtools.com\/news\/wp-json\/wp\/v2\/users\/57"}],"replies":[{"embeddable":true,"href":"http:\/\/www.wmtools.com\/news\/wp-json\/wp\/v2\/comments?post=3451"}],"version-history":[{"count":0,"href":"http:\/\/www.wmtools.com\/news\/wp-json\/wp\/v2\/posts\/3451\/revisions"}],"wp:featuredmedia":[{"embeddable":true,"href":"http:\/\/www.wmtools.com\/news\/wp-json\/wp\/v2\/media\/3057"}],"wp:attachment":[{"href":"http:\/\/www.wmtools.com\/news\/wp-json\/wp\/v2\/media?parent=3451"}],"wp:term":[{"taxonomy":"category","embeddable":true,"href":"http:\/\/www.wmtools.com\/news\/wp-json\/wp\/v2\/categories?post=3451"},{"taxonomy":"post_tag","embeddable":true,"href":"http:\/\/www.wmtools.com\/news\/wp-json\/wp\/v2\/tags?post=3451"}],"curies":[{"name":"wp","href":"https:\/\/api.w.org\/{rel}","templated":true}]}}